{"id":5859,"date":"2024-12-17T06:55:19","date_gmt":"2024-12-17T06:55:19","guid":{"rendered":"https:\/\/brudylab.net\/publica\/?p=5859"},"modified":"2025-05-28T14:37:43","modified_gmt":"2025-05-28T14:37:43","slug":"uveitis-anterior-no-infecciosa-como-la-nutricion-puede-ayudar-a-preservar-la-vision","status":"publish","type":"post","link":"https:\/\/brudylab.net\/publica\/uveitis-anterior-no-infecciosa-como-la-nutricion-puede-ayudar-a-preservar-la-vision\/","title":{"rendered":"Uve\u00edtis anterior no infecciosa: C\u00f3mo la nutrici\u00f3n puede ayudar a preservar la visi\u00f3n"},"content":{"rendered":"<div id=\"attachment_5860\" style=\"width: 310px\" class=\"wp-caption alignleft\"><img loading=\"lazy\" decoding=\"async\" aria-describedby=\"caption-attachment-5860\" class=\"size-medium wp-image-5860\" src=\"https:\/\/brudylab.net\/publica\/wp-content\/uploads\/sites\/2\/2024\/12\/uveitis-anterior-no-infecciosa-300x169.jpg\" alt=\"Uve\u00edtis anterior no infecciosa\" width=\"300\" height=\"169\" srcset=\"https:\/\/brudylab.net\/publica\/wp-content\/uploads\/sites\/2\/2024\/12\/uveitis-anterior-no-infecciosa-300x169.jpg 300w, https:\/\/brudylab.net\/publica\/wp-content\/uploads\/sites\/2\/2024\/12\/uveitis-anterior-no-infecciosa-1024x576.jpg 1024w, https:\/\/brudylab.net\/publica\/wp-content\/uploads\/sites\/2\/2024\/12\/uveitis-anterior-no-infecciosa-768x432.jpg 768w, https:\/\/brudylab.net\/publica\/wp-content\/uploads\/sites\/2\/2024\/12\/uveitis-anterior-no-infecciosa-1536x864.jpg 1536w, https:\/\/brudylab.net\/publica\/wp-content\/uploads\/sites\/2\/2024\/12\/uveitis-anterior-no-infecciosa-1320x743.jpg 1320w, https:\/\/brudylab.net\/publica\/wp-content\/uploads\/sites\/2\/2024\/12\/uveitis-anterior-no-infecciosa.jpg 1920w\" sizes=\"auto, (max-width: 300px) 100vw, 300px\" \/><p id=\"caption-attachment-5860\" class=\"wp-caption-text\">Uve\u00edtis anterior no infecciosa<\/p><\/div>\n<h2>\u00bfQu\u00e9 es la uve\u00edtis anterior no infecciosa?<\/h2>\n<p><em>Se trata de una enfermedad autoinmunitaria que puede afectar a personas de todas las edades. El proceso inflamatorio cr\u00f3nico que se produce en el ojo puede causar enrojecimiento, dolor y visi\u00f3n borrosa. Es fundamental llevar un adecuado tratamiento para minimizar los brotes y preservar la visi\u00f3n. Pero \u00bfqu\u00e9 papel juega la nutrici\u00f3n en todo esto?<\/em><\/p>\n<p>&nbsp;<\/p>\n<p>&nbsp;<\/p>\n<h2>\u00bfCu\u00e1les son las caracter\u00edsticas de la uve\u00edtis anterior no infecciosa?<\/h2>\n<p>La uve\u00edtis anterior no infecciosa es una enfermedad autoinmunitaria en la que el sistema inmunol\u00f3gico del cuerpo ataca los tejidos del ojo, lo que provoca inflamaci\u00f3n y enrojecimiento. Esta enfermedad afecta al polo anterior del ojo y puede afectar a uno o ambos ojos, siendo m\u00e1s com\u00fan en adultos j\u00f3venes y de mediana edad.<\/p>\n<p>Los s\u00edntomas incluyen dolor ocular, enrojecimiento, sensibilidad a la luz, visi\u00f3n borrosa y, en casos graves, disminuci\u00f3n de la visi\u00f3n. La enfermedad puede tener un curso cr\u00f3nico con per\u00edodos de exacerbaci\u00f3n y remisi\u00f3n.<\/p>\n<p>El tratamiento de la uve\u00edtis anterior no infecciosa tiene como objetivo limitar el proceso inflamatorio y minimizar la frecuencia y gravedad de los brotes. Los tratamientos incluyen corticoesteroides, antiinflamatorios no esteroideos e inmunosupresores, y en casos graves, la inyecci\u00f3n de anticuerpos dirigidos a prote\u00ednas inflamatorias como la interleucina-6.<\/p>\n<p>&nbsp;<\/p>\n<h2>Nutrici\u00f3n y uve\u00edtis anterior no infecciosa<\/h2>\n<p>Es fundamental llevar un adecuado tratamiento para minimizar los brotes y preservar la visi\u00f3n. Pero \u00bfqu\u00e9 papel juega la nutrici\u00f3n en todo esto?<\/p>\n<p>Una dieta saludable y equilibrada puede ser beneficiosa para las personas con uve\u00edtis anterior no infecciosa. El zinc, el cobre y el selenio son importantes para el funcionamiento del sistema inmunol\u00f3gico y la salud ocular. Tambi\u00e9n se ha demostrado que el manganeso ayuda a proteger las c\u00e9lulas de los tejidos oculares del da\u00f1o oxidativo.<\/p>\n<p>Adem\u00e1s, la relaci\u00f3n entre los \u00e1cidos grasos poliinsaturados omega-6 y omega-3 en la dieta y la respuesta inmuno-inflamatoria puede ser importante en la uve\u00edtis anterior no infecciosa. Se sabe que los omega-6 favorecen la inflamaci\u00f3n, mientras que los omega-3 tienen propiedades antiinflamatorias.<\/p>\n<p>&nbsp;<\/p>\n<p>Para reducir la inflamaci\u00f3n, se recomienda disminuir la ingesta de omega-6, presentes en alimentos como la carne y la grasa animal, y aumentar la ingesta de omega-3, presentes en alimentos como pescado, semillas de ch\u00eda y nueces. En particular, el \u00e1cido docosahexaenoico (DHA), un \u00e1cido graso omega-3, es necesario para la salud ocular y cerebral, y se recomienda una ingesta diaria de 250 mg.<\/p>\n<p>&nbsp;<\/p>\n<h2>Productos Relacionados<\/h2>\n<p>&nbsp;<\/p>\n\n\t<div  class=\"row \">\n\t\t\n\n\t<div class=\"col col-xs-12 col-sm-4\" >\n\t\t\t\n\n<div id=\"\" class=\"product_holder product-showcase clearfix \" data-column-width=\"1\" itemscope itemtype=\"http:\/\/schema.org\/Product\">\n\n<div class=\"product_info_holder\">\n\n\t\t\t<!-- product image -->\n\t\t<div class=\"featured_image\"> \n\t\t\t<a href=\"https:\/\/brudylab.net\/publica\/productos\/brudyitis\/\" title=\"BRUDY ITIS\" rel=\"bookmark\" data-image-count=\"1\"><img decoding=\"async\" src=\"https:\/\/brudylab.net\/publica\/wp-content\/uploads\/sites\/2\/2025\/02\/BITIS30_0125-480x480.jpg\" alt=\"BITIS30_0125\" class=\"active-image\" \/><\/a> \n\t\t\t\t\n\t\t\t\t\t\t<\/div>\n\t\n\n\t\n\t\t\t\t\t\t\n\t\t<div class=\"product_info\">\n\n\t\t\t\t\t\t\t\t<!-- title-->\n\t\t\t\t<h5 class=\"product-title clean_heading\"><a href=\"https:\/\/brudylab.net\/publica\/productos\/brudyitis\/\" title=\"BRUDY ITIS\" rel=\"bookmark\">BRUDY ITIS<\/a><\/h5>\n\t\t\t\t\n\t\t\t\t<!-- text-->\n\t\t\t\t<p>BRUDY ITIS ha sido ideado para complementar las necesidades diarias de \u00e1cidos grasos esenciales de la familia Omega-3 y del grupo incluido de minerales y de glutati\u00f3n<\/p>\t\t<\/div>\n\n\t\t\n\n\t\n<\/div>\n\n<div class=\"product_info_footer clearfix\">\n\t\t\t<!-- product price -->\n\t\t\t<p class=\"price icon-\">\t\n\t\t\t\t<del><span class=\"amount\">$25<\/span><\/del> <ins><span class=\"amount\">$15<\/span><\/ins>\n\t\t\t<\/p> \n\t\t<div class=\"action_buttons\"><a href=\"https:\/\/brudylab.net\/publica\/productos\/brudyitis\/\" title=\"BRUDY ITIS\" class=\"details icon-angle-right\">Details<\/a><\/div><\/div> \t<\/div>\n\n\n\t<\/div>\n\n\n\t<\/div>\n\n","protected":false},"excerpt":{"rendered":"<p>La uve\u00edtis es un proceso inflamatorio cr\u00f3nico del ojo: puede causar enrojecimiento, dolor y visi\u00f3n borrosa y afecta a personas de todas las edades&#8230; <a class=\"more-link\" href=\"https:\/\/brudylab.net\/publica\/productos\/brudyitis\/\">Continue reading<\/a><\/p>\n","protected":false},"author":122,"featured_media":5860,"comment_status":"closed","ping_status":"closed","sticky":false,"template":"","format":"standard","meta":{"inline_featured_image":false,"footnotes":""},"categories":[119],"tags":[],"class_list":["post-5859","post","type-post","status-publish","format-standard","has-post-thumbnail","hentry","category-salud-ocular"],"_links":{"self":[{"href":"https:\/\/brudylab.net\/publica\/wp-json\/wp\/v2\/posts\/5859","targetHints":{"allow":["GET"]}}],"collection":[{"href":"https:\/\/brudylab.net\/publica\/wp-json\/wp\/v2\/posts"}],"about":[{"href":"https:\/\/brudylab.net\/publica\/wp-json\/wp\/v2\/types\/post"}],"author":[{"embeddable":true,"href":"https:\/\/brudylab.net\/publica\/wp-json\/wp\/v2\/users\/122"}],"replies":[{"embeddable":true,"href":"https:\/\/brudylab.net\/publica\/wp-json\/wp\/v2\/comments?post=5859"}],"version-history":[{"count":2,"href":"https:\/\/brudylab.net\/publica\/wp-json\/wp\/v2\/posts\/5859\/revisions"}],"predecessor-version":[{"id":6932,"href":"https:\/\/brudylab.net\/publica\/wp-json\/wp\/v2\/posts\/5859\/revisions\/6932"}],"wp:featuredmedia":[{"embeddable":true,"href":"https:\/\/brudylab.net\/publica\/wp-json\/wp\/v2\/media\/5860"}],"wp:attachment":[{"href":"https:\/\/brudylab.net\/publica\/wp-json\/wp\/v2\/media?parent=5859"}],"wp:term":[{"taxonomy":"category","embeddable":true,"href":"https:\/\/brudylab.net\/publica\/wp-json\/wp\/v2\/categories?post=5859"},{"taxonomy":"post_tag","embeddable":true,"href":"https:\/\/brudylab.net\/publica\/wp-json\/wp\/v2\/tags?post=5859"}],"curies":[{"name":"wp","href":"https:\/\/api.w.org\/{rel}","templated":true}]}}